{"id":9780,"date":"2026-08-24T10:26:28","date_gmt":"2026-08-24T09:26:28","guid":{"rendered":"https:\/\/ops.wyszkow.pl\/?p=9780"},"modified":"2026-08-24T10:48:31","modified_gmt":"2026-08-24T09:48:31","slug":"miedzynarodowy-dzien-swiadomosci-przedawkowania","status":"publish","type":"post","link":"https:\/\/ops.wyszkow.pl\/?p=9780","title":{"rendered":"Mi\u0119dzynarodowy Dzie\u0144 \u015awiadomo\u015bci Przedawkowania"},"content":{"rendered":"\n<p>Szanowni Pa\u0144stwo,<\/p>\n\n\n\n<p>31 sierpnia obchodzony jest <strong>Mi\u0119dzynarodowy Dzie\u0144 \u015awiadomo\u015bci Przedawkowania<\/strong> &#8211; inicjatywa maj\u0105ca na celu zwi\u0119kszanie \u015bwiadomo\u015bci na temat uzale\u017cnie\u0144, ograniczanie stygmatyzacji os\u00f3b potrzebuj\u0105cych pomocy oraz promowanie profilaktyki i wczesnej interwencji.<\/p>\n\n\n\n<p>Z tej okazji przygotowali\u015bmy <strong>bezp\u0142atny pakiet materia\u0142\u00f3w edukacyjnych<\/strong>, z kt\u00f3rego mog\u0105 skorzysta\u0107 jednostki samorz\u0105dowe oraz instytucje pomocy spo\u0142ecznej w swoich dzia\u0142aniach informacyjnych.<\/p>\n\n\n\n<p>Pakiet zawiera:<\/p>\n\n\n\n<ul class=\"wp-block-list\">\n<li>plakat edukacyjny w wersji do druku,<\/li>\n\n\n\n<li>kr\u00f3tk\u0105 rolk\u0119 na media spo\u0142eczno\u015bciowe dotycz\u0105c\u0105 profilaktyki uzale\u017cnie\u0144.<\/li>\n<\/ul>\n\n\n\n<p>Materia\u0142y mog\u0105 zosta\u0107 bezp\u0142atnie wykorzystane na stronach internetowych, w mediach spo\u0142eczno\u015bciowych oraz w dzia\u0142aniach skierowanych do mieszka\u0144c\u00f3w.<\/p>\n\n\n\n<p><strong>Pakiet mo\u017cna pobra\u0107 tutaj z naszej oficjalnej strony:<\/strong><\/p>\n\n\n\n<figure class=\"wp-block-embed is-type-rich is-provider-embed-handler wp-block-embed-embed-handler\"><div class=\"wp-block-embed__wrapper\">\n<div style=\"width: 604px;\" class=\"wp-video\"><video class=\"wp-video-shortcode\" id=\"video-9780-1\" width=\"604\" height=\"340\" preload=\"metadata\" controls=\"controls\"><source type=\"video\/mp4\" src=\"https:\/\/content.cpzis.pl\/Post-Dzien-Swiadomosci-Przedawkowania.mp4?_=1\" \/><a href=\"https:\/\/content.cpzis.pl\/Post-Dzien-Swiadomosci-Przedawkowania.mp4\">https:\/\/content.cpzis.pl\/Post-Dzien-Swiadomosci-Przedawkowania.mp4<\/a><\/video><\/div>\n<\/div><\/figure>\n\n\n\n<p><a href=\"https:\/\/content.cpzis.pl\/A3-dzien-swiadomosci-przedawkowania.jpg\">https:\/\/content.cpzis.pl\/A3-dzien-swiadomosci-przedawkowania.jpg<\/a><\/p>\n\n\n\n<figure class=\"wp-block-image size-large\"><a href=\"https:\/\/ops.wyszkow.pl\/wp-content\/uploads\/2026\/08\/A3-dzien-swiadomosci-przedawkowania.jpg\"><img loading=\"lazy\" decoding=\"async\" width=\"724\" height=\"1024\" src=\"https:\/\/ops.wyszkow.pl\/wp-content\/uploads\/2026\/08\/A3-dzien-swiadomosci-przedawkowania-724x1024.jpg\" alt=\"Plakat informacyjny Rozpoznaj Reaguj Ratuj 31 sierpnia Dzie\u0144 \u015awiadomo\u015bci Przedawkowania. \" class=\"wp-image-9783\" srcset=\"https:\/\/ops.wyszkow.pl\/wp-content\/uploads\/2026\/08\/A3-dzien-swiadomosci-przedawkowania-724x1024.jpg 724w, https:\/\/ops.wyszkow.pl\/wp-content\/uploads\/2026\/08\/A3-dzien-swiadomosci-przedawkowania-212x300.jpg 212w, https:\/\/ops.wyszkow.pl\/wp-content\/uploads\/2026\/08\/A3-dzien-swiadomosci-przedawkowania-768x1086.jpg 768w, https:\/\/ops.wyszkow.pl\/wp-content\/uploads\/2026\/08\/A3-dzien-swiadomosci-przedawkowania.jpg 800w\" sizes=\"auto, (max-width: 724px) 100vw, 724px\" \/><\/a><\/figure>\n\n\n\n<p>Je\u017celi planuj\u0105 Pa\u0144stwo szersze dzia\u0142ania w obszarze profilaktyki uzale\u017cnie\u0144, zdrowia psychicznego lub edukacji mieszka\u0144c\u00f3w, ch\u0119tnie przedstawimy r\u00f3wnie\u017c nasze gotowe programy edukacyjne realizowane pod nadzorem merytorycznym Uniwersytetu Medycznego we Wroc\u0142awiu.<\/p>\n\n\n\n<p>Mamy nadziej\u0119, \u017ce materia\u0142y oka\u017c\u0105 si\u0119 pomocne w Pa\u0144stwa dzia\u0142aniach na rzecz lokalnej spo\u0142eczno\u015bci.<\/p>\n\n\n\n<p>Z wyrazami szacunku,<\/p>\n\n\n\n<p>Centrum Profilaktyki Zdrowotnej i Spo\u0142ecznej<\/p>\n\n\n\n<p>Animativ | Uniwersytet Medyczny we Wroc\u0142awiu<\/p>\n\n\n\n<p><a href=\"http:\/\/www.cpzis.pl\/\" target=\"_blank\" rel=\"noreferrer noopener\">www.cpzis.pl<\/a><\/p>\n\n\n\n<p>tel: <a href=\"tel:+48717575116\" target=\"_blank\" rel=\"noreferrer noopener\">+48 71 757 51 16<\/a><\/p>\n\n\n\n<p><strong>Materia\u0142y udost\u0119pnione s\u0105 do bezp\u0142atnego wykorzystania przez jednostki samorz\u0105du terytorialnego, ich jednostki organizacyjne oraz inne lokalne instytucje publiczne i podmioty realizuj\u0105ce zadania publiczne. Mog\u0105 by\u0107 swobodnie publikowane w kana\u0142ach w\u0142asnych tych podmiot\u00f3w, w tym na stronach internetowych oraz w mediach spo\u0142eczno\u015bciowych, bez konieczno\u015bci uzyskiwania dodatkowej zgody.<\/strong><\/p>\n\n\n\n<p><strong>Dozwolone jest r\u00f3wnie\u017c dostosowanie materia\u0142\u00f3w do format\u00f3w poszczeg\u00f3lnych kana\u0142\u00f3w komunikacji, w szczeg\u00f3lno\u015bci poprzez zmian\u0119 rozmiaru lub kadrowanie, pod warunkiem zachowania ich charakteru i tre\u015bci.<\/strong><\/p>\n\n\n\n<p><strong>Publikacja materia\u0142\u00f3w na powy\u017cszych zasadach nie wymaga zawierania odr\u0119bnej umowy ani uzyskania indywidualnej zgody.<\/strong><\/p>\n\n\n\n<p><em>Dane kontaktowe zosta\u0142y pozyskane z publicznie dost\u0119pnych \u017ar\u00f3de\u0142. Administratorami Pani\/Pana danych osobowych s\u0105 Animativ Sp. z o.o. oraz Uniwersytet Medyczny im. Piast\u00f3w \u015al\u0105skich we Wroc\u0142awiu. Dane s\u0105 przetwarzane w celu nawi\u0105zania kontaktu i przedstawienia informacji dotycz\u0105cych dzia\u0142a\u0144 w zakresie profilaktyki zdrowotnej i spo\u0142ecznej, na podstawie prawnie uzasadnionego interesu administrator\u00f3w, zgodnie z art. 6 ust. 1 lit. f RODO.<\/em><\/p>\n\n\n\n<p><em>Przys\u0142uguje Pani\/Panu prawo wniesienia sprzeciwu wobec przetwarzania danych osobowych. W tym celu wystarczy odpowiedzie\u0107 na niniejsz\u0105 wiadomo\u015b\u0107.<\/em><\/p>\n\n\n\n<p><em>Szczeg\u00f3\u0142owe informacje dotycz\u0105ce przetwarzania danych osobowych znajduj\u0105 si\u0119 w poni\u017cszej klauzuli informacyjnej.<\/em><\/p>\n\n\n\n<p><em><a href=\"https:\/\/www.cpzis.pl\/klauzula-informacyjna\" target=\"_blank\" rel=\"noreferrer noopener\">Klauzula informacyjna<\/a><\/em><\/p>\n","protected":false},"excerpt":{"rendered":"<p>Szanowni Pa\u0144stwo, 31 sierpnia obchodzony jest Mi\u0119dzynarodowy Dzie\u0144 \u015awiadomo\u015bci Przedawkowania &#8211; inicjatywa maj\u0105ca na celu zwi\u0119kszanie \u015bwiadomo\u015bci na temat uzale\u017cnie\u0144, ograniczanie stygmatyzacji os\u00f3b potrzebuj\u0105cych pomocy oraz promowanie profilaktyki i wczesnej interwencji. Z tej okazji przygotowali\u015bmy bezp\u0142atny pakiet materia\u0142\u00f3w edukacyjnych, z kt\u00f3rego mog\u0105 skorzysta\u0107 jednostki samorz\u0105dowe oraz instytucje pomocy spo\u0142ecznej w swoich dzia\u0142aniach informacyjnych. Pakiet zawiera: &hellip; <a href=\"https:\/\/ops.wyszkow.pl\/?p=9780\" class=\"more-link\">Continue reading <span class=\"screen-reader-text\">Mi\u0119dzynarodowy Dzie\u0144 \u015awiadomo\u015bci Przedawkowania<\/span> <span class=\"meta-nav\">&rarr;<\/span><\/a><\/p>\n","protected":false},"author":1,"featured_media":0,"comment_status":"closed","ping_status":"closed","sticky":false,"template":"","format":"standard","meta":{"ngg_post_thumbnail":0,"footnotes":""},"categories":[7],"tags":[],"class_list":["post-9780","post","type-post","status-publish","format-standard","hentry","category-aktualnosci"],"_links":{"self":[{"href":"https:\/\/ops.wyszkow.pl\/index.php?rest_route=\/wp\/v2\/posts\/9780","targetHints":{"allow":["GET"]}}],"collection":[{"href":"https:\/\/ops.wyszkow.pl\/index.php?rest_route=\/wp\/v2\/posts"}],"about":[{"href":"https:\/\/ops.wyszkow.pl\/index.php?rest_route=\/wp\/v2\/types\/post"}],"author":[{"embeddable":true,"href":"https:\/\/ops.wyszkow.pl\/index.php?rest_route=\/wp\/v2\/users\/1"}],"replies":[{"embeddable":true,"href":"https:\/\/ops.wyszkow.pl\/index.php?rest_route=%2Fwp%2Fv2%2Fcomments&post=9780"}],"version-history":[{"count":3,"href":"https:\/\/ops.wyszkow.pl\/index.php?rest_route=\/wp\/v2\/posts\/9780\/revisions"}],"predecessor-version":[{"id":9784,"href":"https:\/\/ops.wyszkow.pl\/index.php?rest_route=\/wp\/v2\/posts\/9780\/revisions\/9784"}],"wp:attachment":[{"href":"https:\/\/ops.wyszkow.pl\/index.php?rest_route=%2Fwp%2Fv2%2Fmedia&parent=9780"}],"wp:term":[{"taxonomy":"category","embeddable":true,"href":"https:\/\/ops.wyszkow.pl\/index.php?rest_route=%2Fwp%2Fv2%2Fcategories&post=9780"},{"taxonomy":"post_tag","embeddable":true,"href":"https:\/\/ops.wyszkow.pl\/index.php?rest_route=%2Fwp%2Fv2%2Ftags&post=9780"}],"curies":[{"name":"wp","href":"https:\/\/api.w.org\/{rel}","templated":true}]}}