{"id":9795,"date":"2026-08-31T11:05:46","date_gmt":"2026-08-31T10:05:46","guid":{"rendered":"https:\/\/ops.wyszkow.pl\/?p=9795"},"modified":"2026-08-31T11:05:46","modified_gmt":"2026-08-31T10:05:46","slug":"senioralne-spotkania-z-poezja","status":"publish","type":"post","link":"https:\/\/ops.wyszkow.pl\/?p=9795","title":{"rendered":"Senioralne spotkania z poezj\u0105"},"content":{"rendered":"\n<p>W Domu Dziennego Pobytu \u201eSenior\u201d w Wyszkowie odbywaj\u0105 si\u0119 wyj\u0105tkowe spotkania z poezj\u0105, kt\u00f3re s\u0105 okazj\u0105 do wsp\u00f3lnego prze\u017cywania pi\u0119kna literatury, rozwijania zainteresowa\u0144 oraz rozm\u00f3w o wa\u017cnych wydarzeniach i warto\u015bciach.<\/p>\n\n\n\n<p>Podczas jednego ze spotka\u0144 seniorzy si\u0119gn\u0119li po tw\u00f3rczo\u015b\u0107 Krzysztofa Kamila Baczy\u0144skiego \u2013 poety, kt\u00f3rego wiersze naznaczone s\u0105 do\u015bwiadczeniem wojny, m\u0142odo\u015bci, mi\u0142o\u015bci, patriotyzmu i t\u0119sknoty za spokojnym \u017cyciem. Seniorzy czytali i recytowali jego utwory, dziel\u0105c si\u0119 swoimi refleksjami i emocjami.<\/p>\n\n\n\n<p>Spotkania z poezj\u0105 pokazuj\u0105, \u017ce na rozwijanie pasji i odkrywanie nowych zainteresowa\u0144 nigdy nie jest za p\u00f3\u017ano. Wsp\u00f3lne czytanie i recytowanie wierszy sprzyja integracji, pobudza pami\u0119\u0107 i wyobra\u017ani\u0119, a przede wszystkim daje seniorom mo\u017cliwo\u015b\u0107 dzielenia si\u0119 swoimi talentami.<\/p>\n\n\n\n<p>Szczeg\u00f3lnym przyk\u0142adem zaanga\u017cowania jest Jadwiga Dudek z Klubu Seniora, kt\u00f3ra uczestniczy\u0142a w wydarzeniu o charakterze patriotycznym upami\u0119tniaj\u0105cym 106. rocznic\u0119 Bitwy Warszawskiej. Podczas uroczysto\u015bci pani Jadwiga recytowa\u0142a wiersz lokalnego poety Mieczys\u0142awa Joniuka\u00a0 pt. \u201eOrze\u0142 Bia\u0142y\u201d oddaj\u0105c w ten spos\u00f3b ho\u0142d Polakom, kt\u00f3rzy\u00a0 w roku 1920 roku stan\u0119li w obronie niepodleg\u0142ej Polski. Jej wyst\u0119p by\u0142 wzruszaj\u0105cym elementem wydarzenia i pi\u0119knym przyk\u0142adem tego, jak seniorzy poprzez swoje talenty i aktywno\u015b\u0107 kultywuj\u0105 pami\u0119\u0107 historyczn\u0105.<\/p>\n\n\n\n<figure class=\"wp-block-image size-full\"><a href=\"https:\/\/ops.wyszkow.pl\/wp-content\/uploads\/2026\/08\/Senioralne_spotkania_z_poezja_wdi24.jpg\"><img loading=\"lazy\" decoding=\"async\" width=\"1024\" height=\"681\" src=\"https:\/\/ops.wyszkow.pl\/wp-content\/uploads\/2026\/08\/Senioralne_spotkania_z_poezja_wdi24.jpg\" alt=\"Kobieta podczas recytowania poezji, w tle seniorzy w eleganckich mundurach.\" class=\"wp-image-9796\" srcset=\"https:\/\/ops.wyszkow.pl\/wp-content\/uploads\/2026\/08\/Senioralne_spotkania_z_poezja_wdi24.jpg 1024w, https:\/\/ops.wyszkow.pl\/wp-content\/uploads\/2026\/08\/Senioralne_spotkania_z_poezja_wdi24-300x200.jpg 300w, https:\/\/ops.wyszkow.pl\/wp-content\/uploads\/2026\/08\/Senioralne_spotkania_z_poezja_wdi24-768x511.jpg 768w\" sizes=\"auto, (max-width: 1024px) 100vw, 1024px\" \/><\/a><\/figure>\n","protected":false},"excerpt":{"rendered":"<p>W Domu Dziennego Pobytu \u201eSenior\u201d w Wyszkowie odbywaj\u0105 si\u0119 wyj\u0105tkowe spotkania z poezj\u0105, kt\u00f3re s\u0105 okazj\u0105 do wsp\u00f3lnego prze\u017cywania pi\u0119kna literatury, rozwijania zainteresowa\u0144 oraz rozm\u00f3w o wa\u017cnych wydarzeniach i warto\u015bciach. Podczas jednego ze spotka\u0144 seniorzy si\u0119gn\u0119li po tw\u00f3rczo\u015b\u0107 Krzysztofa Kamila Baczy\u0144skiego \u2013 poety, kt\u00f3rego wiersze naznaczone s\u0105 do\u015bwiadczeniem wojny, m\u0142odo\u015bci, mi\u0142o\u015bci, patriotyzmu i t\u0119sknoty za &hellip; <a href=\"https:\/\/ops.wyszkow.pl\/?p=9795\" class=\"more-link\">Continue reading <span class=\"screen-reader-text\">Senioralne spotkania z poezj\u0105<\/span> <span class=\"meta-nav\">&rarr;<\/span><\/a><\/p>\n","protected":false},"author":1,"featured_media":0,"comment_status":"closed","ping_status":"closed","sticky":false,"template":"","format":"standard","meta":{"ngg_post_thumbnail":0,"footnotes":""},"categories":[7],"tags":[],"class_list":["post-9795","post","type-post","status-publish","format-standard","hentry","category-aktualnosci"],"_links":{"self":[{"href":"https:\/\/ops.wyszkow.pl\/index.php?rest_route=\/wp\/v2\/posts\/9795","targetHints":{"allow":["GET"]}}],"collection":[{"href":"https:\/\/ops.wyszkow.pl\/index.php?rest_route=\/wp\/v2\/posts"}],"about":[{"href":"https:\/\/ops.wyszkow.pl\/index.php?rest_route=\/wp\/v2\/types\/post"}],"author":[{"embeddable":true,"href":"https:\/\/ops.wyszkow.pl\/index.php?rest_route=\/wp\/v2\/users\/1"}],"replies":[{"embeddable":true,"href":"https:\/\/ops.wyszkow.pl\/index.php?rest_route=%2Fwp%2Fv2%2Fcomments&post=9795"}],"version-history":[{"count":1,"href":"https:\/\/ops.wyszkow.pl\/index.php?rest_route=\/wp\/v2\/posts\/9795\/revisions"}],"predecessor-version":[{"id":9797,"href":"https:\/\/ops.wyszkow.pl\/index.php?rest_route=\/wp\/v2\/posts\/9795\/revisions\/9797"}],"wp:attachment":[{"href":"https:\/\/ops.wyszkow.pl\/index.php?rest_route=%2Fwp%2Fv2%2Fmedia&parent=9795"}],"wp:term":[{"taxonomy":"category","embeddable":true,"href":"https:\/\/ops.wyszkow.pl\/index.php?rest_route=%2Fwp%2Fv2%2Fcategories&post=9795"},{"taxonomy":"post_tag","embeddable":true,"href":"https:\/\/ops.wyszkow.pl\/index.php?rest_route=%2Fwp%2Fv2%2Ftags&post=9795"}],"curies":[{"name":"wp","href":"https:\/\/api.w.org\/{rel}","templated":true}]}}