{"id":9805,"date":"2026-08-31T17:36:00","date_gmt":"2026-08-31T16:36:00","guid":{"rendered":"https:\/\/ops.wyszkow.pl\/?p=9805"},"modified":"2026-09-02T10:53:58","modified_gmt":"2026-09-02T09:53:58","slug":"spotkanie-integracyjne-2","status":"publish","type":"post","link":"https:\/\/ops.wyszkow.pl\/?p=9805","title":{"rendered":"Spotkanie integracyjne"},"content":{"rendered":"\n<p>W dniu 27 sierpnia w ciep\u0142e, letnie popo\u0142udnie w Klubie Seniora \u2013 OPS DDP \u201eSenior\u201d w Wyszkowie odby\u0142o si\u0119 wyj\u0105tkowe spotkanie dzieci ze \u015awietlicy S\u0142onecznej z seniorami. By\u0142 to czas pe\u0142en rado\u015bci, wsp\u00f3lnej zabawy i integracji mi\u0119dzypokoleniowej.<\/p>\n\n\n\n<p>Seniorzy przygotowali dla swoich m\u0142odszych go\u015bci dwa przedstawienia \u2013 <strong>\u201eMaja i nocne \u017cycie Gucia\u201d<\/strong> oraz <strong>\u201eMucha w mucholocie\u201d<\/strong>. <a><\/a>Mali widzowie z ogromnym zainteresowaniem ogl\u0105dali wyst\u0119py i nagradzali senior\u00f3w gromkimi brawami.<\/p>\n\n\n\n<p>Po cz\u0119\u015bci artystycznej na wszystkich czeka\u0142 przygotowany przez senior\u00f3w pocz\u0119stunek w formie grilla. Dodatkow\u0105 niespodziank\u0119 sprawi\u0142a dzieciom pani Krysia, kt\u00f3ra we w\u0142asnym zakresie zorganizowa\u0142a <strong>wat\u0119 cukrow\u0105<\/strong>, wywo\u0142uj\u0105c na twarzach najm\u0142odszych wiele u\u015bmiech\u00f3w.<\/p>\n\n\n\n<p>Spotkanie pokaza\u0142o, \u017ce wsp\u00f3lnie sp\u0119dzony czas mo\u017ce by\u0107 pi\u0119kn\u0105 okazj\u0105 do budowania wi\u0119zi mi\u0119dzy pokoleniami, dzielenia si\u0119 talentami i tworzenia niezapomnianych wspomnie\u0144.<\/p>\n\n\n\n<p>Sk\u0142adamy serdecznie podzi\u0119kowania <strong>dla rodziny Kowalskich z Rybna <\/strong>za okazan\u0105\u00a0 \u017cyczliwo\u015b\u0107 i dar serca dla dzieci.<\/p>\n\n\n\n<figure class=\"wp-block-gallery has-nested-images columns-default is-cropped wp-block-gallery-1 is-layout-flex wp-block-gallery-is-layout-flex\">\n<figure class=\"wp-block-image size-large\"><a href=\"https:\/\/ops.wyszkow.pl\/wp-content\/uploads\/2026\/09\/20260827_135434.jpg\"><img loading=\"lazy\" decoding=\"async\" width=\"768\" height=\"1024\" data-id=\"9806\" src=\"https:\/\/ops.wyszkow.pl\/wp-content\/uploads\/2026\/09\/20260827_135434.jpg\" alt=\"Sto\u0142y ustawione na tarasie DDP Senior w Wyszkowie, Seniorzy i zgromadzeni Go\u015bcie ogl\u0105daj\u0105 przedstawienie.\" class=\"wp-image-9806\" srcset=\"https:\/\/ops.wyszkow.pl\/wp-content\/uploads\/2026\/09\/20260827_135434.jpg 768w, https:\/\/ops.wyszkow.pl\/wp-content\/uploads\/2026\/09\/20260827_135434-225x300.jpg 225w\" sizes=\"auto, (max-width: 768px) 100vw, 768px\" \/><\/a><\/figure>\n\n\n\n<figure class=\"wp-block-image size-large\"><a href=\"https:\/\/ops.wyszkow.pl\/wp-content\/uploads\/2026\/09\/20260827_144322.jpg\"><img loading=\"lazy\" decoding=\"async\" width=\"1024\" height=\"768\" data-id=\"9807\" src=\"https:\/\/ops.wyszkow.pl\/wp-content\/uploads\/2026\/09\/20260827_144322.jpg\" alt=\"W ogrodzie przed DDP dzieci otrzymuj\u0105 wat\u0119 cukrow\u0105\" class=\"wp-image-9807\" srcset=\"https:\/\/ops.wyszkow.pl\/wp-content\/uploads\/2026\/09\/20260827_144322.jpg 1024w, https:\/\/ops.wyszkow.pl\/wp-content\/uploads\/2026\/09\/20260827_144322-300x225.jpg 300w, https:\/\/ops.wyszkow.pl\/wp-content\/uploads\/2026\/09\/20260827_144322-768x576.jpg 768w\" sizes=\"auto, (max-width: 1024px) 100vw, 1024px\" \/><\/a><\/figure>\n<\/figure>\n","protected":false},"excerpt":{"rendered":"<p>W dniu 27 sierpnia w ciep\u0142e, letnie popo\u0142udnie w Klubie Seniora \u2013 OPS DDP \u201eSenior\u201d w Wyszkowie odby\u0142o si\u0119 wyj\u0105tkowe spotkanie dzieci ze \u015awietlicy S\u0142onecznej z seniorami. By\u0142 to czas pe\u0142en rado\u015bci, wsp\u00f3lnej zabawy i integracji mi\u0119dzypokoleniowej. Seniorzy przygotowali dla swoich m\u0142odszych go\u015bci dwa przedstawienia \u2013 \u201eMaja i nocne \u017cycie Gucia\u201d oraz \u201eMucha w mucholocie\u201d. &hellip; <a href=\"https:\/\/ops.wyszkow.pl\/?p=9805\" class=\"more-link\">Continue reading <span class=\"screen-reader-text\">Spotkanie integracyjne<\/span> <span class=\"meta-nav\">&rarr;<\/span><\/a><\/p>\n","protected":false},"author":1,"featured_media":0,"comment_status":"closed","ping_status":"closed","sticky":false,"template":"","format":"standard","meta":{"ngg_post_thumbnail":0,"footnotes":""},"categories":[7],"tags":[],"class_list":["post-9805","post","type-post","status-publish","format-standard","hentry","category-aktualnosci"],"_links":{"self":[{"href":"https:\/\/ops.wyszkow.pl\/index.php?rest_route=\/wp\/v2\/posts\/9805","targetHints":{"allow":["GET"]}}],"collection":[{"href":"https:\/\/ops.wyszkow.pl\/index.php?rest_route=\/wp\/v2\/posts"}],"about":[{"href":"https:\/\/ops.wyszkow.pl\/index.php?rest_route=\/wp\/v2\/types\/post"}],"author":[{"embeddable":true,"href":"https:\/\/ops.wyszkow.pl\/index.php?rest_route=\/wp\/v2\/users\/1"}],"replies":[{"embeddable":true,"href":"https:\/\/ops.wyszkow.pl\/index.php?rest_route=%2Fwp%2Fv2%2Fcomments&post=9805"}],"version-history":[{"count":1,"href":"https:\/\/ops.wyszkow.pl\/index.php?rest_route=\/wp\/v2\/posts\/9805\/revisions"}],"predecessor-version":[{"id":9808,"href":"https:\/\/ops.wyszkow.pl\/index.php?rest_route=\/wp\/v2\/posts\/9805\/revisions\/9808"}],"wp:attachment":[{"href":"https:\/\/ops.wyszkow.pl\/index.php?rest_route=%2Fwp%2Fv2%2Fmedia&parent=9805"}],"wp:term":[{"taxonomy":"category","embeddable":true,"href":"https:\/\/ops.wyszkow.pl\/index.php?rest_route=%2Fwp%2Fv2%2Fcategories&post=9805"},{"taxonomy":"post_tag","embeddable":true,"href":"https:\/\/ops.wyszkow.pl\/index.php?rest_route=%2Fwp%2Fv2%2Ftags&post=9805"}],"curies":[{"name":"wp","href":"https:\/\/api.w.org\/{rel}","templated":true}]}}