{"id":9809,"date":"2026-08-27T10:54:39","date_gmt":"2026-08-27T09:54:39","guid":{"rendered":"https:\/\/ops.wyszkow.pl\/?p=9809"},"modified":"2026-09-02T10:58:41","modified_gmt":"2026-09-02T09:58:41","slug":"opaski-bezpieczenstwa-dla-seniorow-4","status":"publish","type":"post","link":"https:\/\/ops.wyszkow.pl\/?p=9809","title":{"rendered":"Opaski bezpiecze\u0144stwa dla senior\u00f3w"},"content":{"rendered":"\n<figure class=\"wp-block-image size-full\"><a href=\"http:\/\/ops.wyszkow.pl\/wp-content\/uploads\/2026\/02\/PL_RP_MRiPS.jpg\"><img loading=\"lazy\" decoding=\"async\" width=\"723\" height=\"116\" src=\"http:\/\/ops.wyszkow.pl\/wp-content\/uploads\/2026\/02\/PL_RP_MRiPS.jpg\" alt=\"\" class=\"wp-image-9540\" srcset=\"https:\/\/ops.wyszkow.pl\/wp-content\/uploads\/2026\/02\/PL_RP_MRiPS.jpg 723w, https:\/\/ops.wyszkow.pl\/wp-content\/uploads\/2026\/02\/PL_RP_MRiPS-300x48.jpg 300w\" sizes=\"auto, (max-width: 723px) 100vw, 723px\" \/><\/a><figcaption class=\"wp-element-caption\">Flaga i God\u0142o RP oraz Ministerstwo Rodziny i Polityki Spo\u0142ecznej<\/figcaption><\/figure>\n\n\n\n<p><strong>Program \u201eKorpus Wsparcia Senior\u00f3w\u201d na rok 2026 dla mieszka\u0144c\u00f3w<br>Gminy Wyszk\u00f3w w zakresie us\u0142ugi \u201eopieka na odleg\u0142o\u015b\u0107<\/strong><strong><\/strong><\/p>\n\n\n\n<p>Gmina Wyszk\u00f3w realizuje Rz\u0105dowy Program \u201eKorpus Wsparcia Senior\u00f3w\u201d na rok 2026 \u2013 modu\u0142 II, \u00a0jest to kontynuacja formy wsparcia dla os\u00f3b starszych w wieku 60 lat i wi\u0119cej z terenu Gminy Wyszk\u00f3w przez dost\u0119p do tzw. us\u0142ugi \u201eopieki na odleg\u0142o\u015b\u0107\u201d maj\u0105cej na celu popraw\u0119 bezpiecze\u0144stwa oraz mo\u017cliwo\u015bci samodzielnego funkcjonowania w miejscu zamieszkania os\u00f3b starszych.<\/p>\n\n\n\n<p><strong>Udzia\u0142 w Programie jest bezp\u0142atny.<\/strong><\/p>\n\n\n\n<p>Us\u0142uga \u201eopieki na odleg\u0142o\u015b\u0107\u201d wsp\u00f3\u0142finansowana jest ze \u015brodk\u00f3w pochodz\u0105cych z dotacji celowej bud\u017cetu pa\u0144stwa do 50,10 % co stanowi kwot\u0119 <strong>13 640,00 z\u0142.<\/strong> Ca\u0142kowity koszt zadania <strong>27 225,00 z\u0142.<\/strong> Termin realizacji wsparcia <a><\/a>od 1 stycznia 2026 r. do 31 grudnia 2026 r.<\/p>\n\n\n\n<p>W ramach Programu seniorom w wieku 60 lat i wi\u0119cej zosta\u0142 zapewniony dost\u0119p do tzw. \u201eopasek bezpiecze\u0144stwa\u201d wyposa\u017conych w nast\u0119puj\u0105ce&nbsp; funkcje:&nbsp;&nbsp;&nbsp;<\/p>\n\n\n\n<ul class=\"wp-block-list\">\n<li>Przycisk bezpiecze\u0144stwa \u2013 sygna\u0142 SOS,<\/li>\n\n\n\n<li>Detektor upadku,<\/li>\n\n\n\n<li>Czujnik zdj\u0119cia opaski \/ urz\u0105dzenia,<\/li>\n\n\n\n<li>Lokalizator GPS,<\/li>\n\n\n\n<li>Funkcje umo\u017cliwiaj\u0105ce komunikowanie si\u0119 z centrum obs\u0142ugi i opiekunami,<\/li>\n\n\n\n<li>Funkcje monitoruj\u0105ce podstawowe czynno\u015bci \u017cyciowe (puls i saturacja).<\/li>\n<\/ul>\n\n\n\n<p>Opaska bezpiecze\u0144stwa po\u0142\u0105czona jest z ca\u0142odobowym Centrum monitoringu. W przypadku trudnej sytuacji lub nag\u0142ego zagro\u017cenia \u017cycia wci\u015bni\u0119cie przycisku alarmowego, znajduj\u0105cego si\u0119 na opasce, umo\u017cliwia po\u0142\u0105czenie si\u0119 z dyspozytorem (ratownik medyczny, opiekun medyczny, piel\u0119gniarka), kt\u00f3ry podejmuje decyzj\u0119 o sposobie udzielenia pomocy osobie potrzebuj\u0105cej. W zale\u017cno\u015bci od sytuacji mo\u017ce on poprosi\u0107 o interwencj\u0119 kogo\u015b z jego najbli\u017cszego otoczenia (rodzin\u0119, s\u0105siad\u00f3w, opiekun\u00f3w), poprosi\u0107 o interwencj\u0119 pracownika o\u015brodka pomocy spo\u0142ecznej (np. pracownika socjalnego czy opiekunk\u0119 \u015brodowiskow\u0105) lub wezwa\u0107 s\u0142u\u017cby ratunkowe.<\/p>\n\n\n\n<p>Osoby zainteresowane przyst\u0105pieniem do programu prosimy o kontakt telefoniczny 29&nbsp;742 49 02 wew. 215, lub osobi\u015bcie w siedzibie O\u015brodka Pomocy Spo\u0142ecznej w&nbsp;Wyszkowie ul. 3 Maja 16, pok. nr 15. Osoby do kontaktu: Justyna Kalicka i Monika Suska.<\/p>\n","protected":false},"excerpt":{"rendered":"<p>Program \u201eKorpus Wsparcia Senior\u00f3w\u201d na rok 2026 dla mieszka\u0144c\u00f3wGminy Wyszk\u00f3w w zakresie us\u0142ugi \u201eopieka na odleg\u0142o\u015b\u0107 Gmina Wyszk\u00f3w realizuje Rz\u0105dowy Program \u201eKorpus Wsparcia Senior\u00f3w\u201d na rok 2026 \u2013 modu\u0142 II, \u00a0jest to kontynuacja formy wsparcia dla os\u00f3b starszych w wieku 60 lat i wi\u0119cej z terenu Gminy Wyszk\u00f3w przez dost\u0119p do tzw. us\u0142ugi \u201eopieki na &hellip; <a href=\"https:\/\/ops.wyszkow.pl\/?p=9809\" class=\"more-link\">Continue reading <span class=\"screen-reader-text\">Opaski bezpiecze\u0144stwa dla senior\u00f3w<\/span> <span class=\"meta-nav\">&rarr;<\/span><\/a><\/p>\n","protected":false},"author":1,"featured_media":0,"comment_status":"closed","ping_status":"closed","sticky":false,"template":"","format":"standard","meta":{"ngg_post_thumbnail":0,"footnotes":""},"categories":[7],"tags":[],"class_list":["post-9809","post","type-post","status-publish","format-standard","hentry","category-aktualnosci"],"_links":{"self":[{"href":"https:\/\/ops.wyszkow.pl\/index.php?rest_route=\/wp\/v2\/posts\/9809","targetHints":{"allow":["GET"]}}],"collection":[{"href":"https:\/\/ops.wyszkow.pl\/index.php?rest_route=\/wp\/v2\/posts"}],"about":[{"href":"https:\/\/ops.wyszkow.pl\/index.php?rest_route=\/wp\/v2\/types\/post"}],"author":[{"embeddable":true,"href":"https:\/\/ops.wyszkow.pl\/index.php?rest_route=\/wp\/v2\/users\/1"}],"replies":[{"embeddable":true,"href":"https:\/\/ops.wyszkow.pl\/index.php?rest_route=%2Fwp%2Fv2%2Fcomments&post=9809"}],"version-history":[{"count":3,"href":"https:\/\/ops.wyszkow.pl\/index.php?rest_route=\/wp\/v2\/posts\/9809\/revisions"}],"predecessor-version":[{"id":9812,"href":"https:\/\/ops.wyszkow.pl\/index.php?rest_route=\/wp\/v2\/posts\/9809\/revisions\/9812"}],"wp:attachment":[{"href":"https:\/\/ops.wyszkow.pl\/index.php?rest_route=%2Fwp%2Fv2%2Fmedia&parent=9809"}],"wp:term":[{"taxonomy":"category","embeddable":true,"href":"https:\/\/ops.wyszkow.pl\/index.php?rest_route=%2Fwp%2Fv2%2Fcategories&post=9809"},{"taxonomy":"post_tag","embeddable":true,"href":"https:\/\/ops.wyszkow.pl\/index.php?rest_route=%2Fwp%2Fv2%2Ftags&post=9809"}],"curies":[{"name":"wp","href":"https:\/\/api.w.org\/{rel}","templated":true}]}}